{"id":34590,"date":"2023-06-07T17:22:39","date_gmt":"2023-06-07T20:22:39","guid":{"rendered":"https:\/\/www.plbrasil.com.br\/?p=34590"},"modified":"2026-09-03T16:06:32","modified_gmt":"2026-09-03T19:06:32","slug":"sefaz-ie","status":"publish","type":"post","link":"https:\/\/plbrasil.com.br\/en\/sefaz-ie\/","title":{"rendered":"Suspension of State Registrations \u2013 S\u00e3o Paulo State Revenue Office (SEFAZ-SP)"},"content":{"rendered":"<p>Throughout 2023, S\u00e3o Paulo State Revenue Office suspended thousands of State registrations of Value-Added Tax on the Circulation of Goods and Services (ICMS) taxpayers due to presumed inactivity.<\/p>\n<p>&nbsp;<\/p>\n<p>In addition, other taxpayers who received the tax visit and were not found, consequently, also had their registrations suspended due to non-location.<\/p>\n<p>&nbsp;<\/p>\n<p>Currently, SEFAZ-SP has gradually implemented the classification of taxpayers provided in the Supplementary Law that set forth the Tax Compliance Incentive Program \u2013 Nos Conformes (Supplementary <a href=\"https:\/\/www.al.sp.gov.br\/repositorio\/legislacao\/lei.complementar\/2018\/lei.complementar-1320-06.04.2018.html\">Law No. 1.320 of 2018<\/a> and regulated by <a href=\"https:\/\/www.al.sp.gov.br\/repositorio\/legislacao\/decreto\/2019\/decreto-64453-06.09.2019.html\">Decree No. 64.453 of 2019)<\/a>, i.e., the taxpayer receives a classification based on their behavior with the S\u00e3o Paulo tax authorities.<\/p>\n<p>&nbsp;<\/p>\n<p>Under this program, many taxpayers are having their State Registration suspended or even disabled. It is important to emphasize that with state registration suspended, companies are no longer allowed to <strong>issue invoices<\/strong> or purchase goods. <\/p>\n<p>&nbsp;<\/p>\n<p>Another punishment is the impossibility to obtain the Debt Clearance Certificate (CND) and the company is subject to fines.<\/p>\n","protected":false},"excerpt":{"rendered":"<p>Throughout 2023, S\u00e3o Paulo State Revenue Office suspended thousands of State registrations of Value-Added Tax on the Circulation of Goods and Services (ICMS) taxpayers due to presumed inactivity. &nbsp; In addition, other taxpayers who received the tax visit and were not found, consequently, also had their registrations suspended due to non-location. &nbsp; Currently, SEFAZ-SP has gradually implemented the classification of taxpayers provided in the Supplementary Law that set forth the Tax Compliance Incentive Program \u2013 Nos Conformes (Supplementary Law No. 1.320 of 2018 and regulated by Decree No. 64.453 of 2019), i.e., the taxpayer receives a classification based on their behavior with the S\u00e3o Paulo tax authorities. &nbsp; Under this program, many taxpayers are having their State Registration suspended or even disabled. It is important to emphasize that with state registration suspended, companies are no longer allowed to issue invoices or purchase goods. &nbsp; Another punishment is the impossibility to obtain the Debt Clearance Certificate (CND) and the company is subject to fines.<\/p>\n","protected":false},"author":2,"featured_media":34586,"comment_status":"closed","ping_status":"closed","sticky":false,"template":"","format":"standard","meta":{"footnotes":""},"categories":[1409],"tags":[918,1372,1194,1137],"class_list":["post-34590","post","type-post","status-publish","format-standard","has-post-thumbnail","hentry","category-corporate-services-2","tag-paralegal","tag-sefaz","tag-sefaz-sp","tag-state-registration"],"yoast_head":"<!-- This site is optimized with the Yoast SEO Premium plugin v28.4 (Yoast SEO v28.4) - https:\/\/yoast.com\/product\/yoast-seo-premium-wordpress\/ -->\n<title>State Registrations and Suspension for Inactivity<\/title>\n<meta name=\"description\" content=\"Find out how the suspension of state registrations affects ICMS taxpayers in S\u00e3o Paulo and the Tax Compliance Program.\" \/>\n<meta name=\"robots\" content=\"index, follow, max-snippet:-1, max-image-preview:large, max-video-preview:-1\" \/>\n<link rel=\"canonical\" href=\"https:\/\/plbrasil.com.br\/en\/sefaz-ie\/\" \/>\n<meta property=\"og:locale\" content=\"en_US\" \/>\n<meta property=\"og:type\" content=\"article\" \/>\n<meta property=\"og:title\" content=\"Suspension of State Registrations \u2013 S\u00e3o Paulo State Revenue Office (SEFAZ-SP)\" \/>\n<meta property=\"og:description\" content=\"Find out how the suspension of state registrations affects ICMS taxpayers in S\u00e3o Paulo and the Tax Compliance Program.\" \/>\n<meta property=\"og:url\" content=\"https:\/\/plbrasil.com.br\/en\/sefaz-ie\/\" \/>\n<meta property=\"og:site_name\" content=\"Grupo PLBrasil - Assessoria Empresarial\" \/>\n<meta property=\"article:publisher\" content=\"https:\/\/facebook.com\/grupoplbrasil\" \/>\n<meta property=\"article:published_time\" content=\"2023-06-07T20:22:39+00:00\" \/>\n<meta property=\"article:modified_time\" content=\"2026-09-03T19:06:32+00:00\" \/>\n<meta property=\"og:image\" content=\"https:\/\/plbrasil.com.br\/wp-content\/uploads\/2023\/06\/sefaz-sp_Link-1.webp\" \/>\n\t<meta property=\"og:image:width\" content=\"1041\" \/>\n\t<meta property=\"og:image:height\" content=\"641\" \/>\n\t<meta property=\"og:image:type\" content=\"image\/webp\" \/>\n<meta name=\"author\" content=\"adminplbrasil\" \/>\n<meta name=\"twitter:card\" content=\"summary_large_image\" \/>\n<meta name=\"twitter:label1\" content=\"Written by\" \/>\n\t<meta name=\"twitter:data1\" content=\"adminplbrasil\" \/>\n\t<meta name=\"twitter:label2\" content=\"Est. reading time\" \/>\n\t<meta name=\"twitter:data2\" content=\"1 minute\" \/>\n<script type=\"application\/ld+json\" class=\"yoast-schema-graph\">{\"@context\":\"https:\\\/\\\/schema.org\",\"@graph\":[{\"@type\":\"Article\",\"@id\":\"https:\\\/\\\/plbrasil.com.br\\\/en\\\/sefaz-ie\\\/#article\",\"isPartOf\":{\"@id\":\"https:\\\/\\\/plbrasil.com.br\\\/en\\\/sefaz-ie\\\/\"},\"author\":{\"name\":\"adminplbrasil\",\"@id\":\"https:\\\/\\\/plbrasil.com.br\\\/en\\\/#\\\/schema\\\/person\\\/8f7dfcadadb7dd78afecfbc6502c4f52\"},\"headline\":\"Suspension of State Registrations \u2013 S\u00e3o Paulo State Revenue Office (SEFAZ-SP)\",\"datePublished\":\"2023-06-07T20:22:39+00:00\",\"dateModified\":\"2026-09-03T19:06:32+00:00\",\"mainEntityOfPage\":{\"@id\":\"https:\\\/\\\/plbrasil.com.br\\\/en\\\/sefaz-ie\\\/\"},\"wordCount\":171,\"publisher\":{\"@id\":\"https:\\\/\\\/plbrasil.com.br\\\/en\\\/#organization\"},\"image\":{\"@id\":\"https:\\\/\\\/plbrasil.com.br\\\/en\\\/sefaz-ie\\\/#primaryimage\"},\"thumbnailUrl\":\"https:\\\/\\\/plbrasil.com.br\\\/wp-content\\\/uploads\\\/2023\\\/06\\\/sefaz-sp_Link-1.webp\",\"keywords\":[\"Paralegal\",\"SEFAZ\",\"SEFAZ-SP\",\"State Registration\"],\"articleSection\":[\"Corporate Services\"],\"inLanguage\":\"en-US\"},{\"@type\":\"WebPage\",\"@id\":\"https:\\\/\\\/plbrasil.com.br\\\/en\\\/sefaz-ie\\\/\",\"url\":\"https:\\\/\\\/plbrasil.com.br\\\/en\\\/sefaz-ie\\\/\",\"name\":\"State Registrations and Suspension for Inactivity\",\"isPartOf\":{\"@id\":\"https:\\\/\\\/plbrasil.com.br\\\/en\\\/#website\"},\"primaryImageOfPage\":{\"@id\":\"https:\\\/\\\/plbrasil.com.br\\\/en\\\/sefaz-ie\\\/#primaryimage\"},\"image\":{\"@id\":\"https:\\\/\\\/plbrasil.com.br\\\/en\\\/sefaz-ie\\\/#primaryimage\"},\"thumbnailUrl\":\"https:\\\/\\\/plbrasil.com.br\\\/wp-content\\\/uploads\\\/2023\\\/06\\\/sefaz-sp_Link-1.webp\",\"datePublished\":\"2023-06-07T20:22:39+00:00\",\"dateModified\":\"2026-09-03T19:06:32+00:00\",\"description\":\"Find out how the suspension of state registrations affects ICMS taxpayers in S\u00e3o Paulo and the Tax Compliance Program.\",\"breadcrumb\":{\"@id\":\"https:\\\/\\\/plbrasil.com.br\\\/en\\\/sefaz-ie\\\/#breadcrumb\"},\"inLanguage\":\"en-US\",\"potentialAction\":[{\"@type\":\"ReadAction\",\"target\":[\"https:\\\/\\\/plbrasil.com.br\\\/en\\\/sefaz-ie\\\/\"]}]},{\"@type\":\"ImageObject\",\"inLanguage\":\"en-US\",\"@id\":\"https:\\\/\\\/plbrasil.com.br\\\/en\\\/sefaz-ie\\\/#primaryimage\",\"url\":\"https:\\\/\\\/plbrasil.com.br\\\/wp-content\\\/uploads\\\/2023\\\/06\\\/sefaz-sp_Link-1.webp\",\"contentUrl\":\"https:\\\/\\\/plbrasil.com.br\\\/wp-content\\\/uploads\\\/2023\\\/06\\\/sefaz-sp_Link-1.webp\",\"width\":1041,\"height\":641,\"caption\":\"Suspens\u00e3o das Inscri\u00e7\u00f5es Estaduais \u2013 Secretaria da Fazenda do Estado de S\u00e3o Paulo (SEFAZ-SP)\"},{\"@type\":\"BreadcrumbList\",\"@id\":\"https:\\\/\\\/plbrasil.com.br\\\/en\\\/sefaz-ie\\\/#breadcrumb\",\"itemListElement\":[{\"@type\":\"ListItem\",\"position\":1,\"name\":\"In\u00edcio\",\"item\":\"https:\\\/\\\/plbrasil.com.br\\\/en\\\/\"},{\"@type\":\"ListItem\",\"position\":2,\"name\":\"Corporate Services\",\"item\":\"https:\\\/\\\/plbrasil.com.br\\\/en\\\/category\\\/corporate-services\\\/\"},{\"@type\":\"ListItem\",\"position\":3,\"name\":\"Suspension of State Registrations \u2013 S\u00e3o Paulo State Revenue Office (SEFAZ-SP)\"}]},{\"@type\":\"WebSite\",\"@id\":\"https:\\\/\\\/plbrasil.com.br\\\/en\\\/#website\",\"url\":\"https:\\\/\\\/plbrasil.com.br\\\/en\\\/\",\"name\":\"Grupo PLBrasil - Assessoria Empresarial\",\"description\":\"Assessoria empresarial nas \u00e1reas Paralegal, Representa\u00e7\u00e3o Legal, Contabilidade e Sa\u00fade e Seguran\u00e7a do Trabalho em um s\u00f3 parceiro. Mais de 20 anos simplificando a burocracia de empresas nacionais e multinacionais. Pe\u00e7a sua proposta comercial.\",\"publisher\":{\"@id\":\"https:\\\/\\\/plbrasil.com.br\\\/en\\\/#organization\"},\"potentialAction\":[{\"@type\":\"SearchAction\",\"target\":{\"@type\":\"EntryPoint\",\"urlTemplate\":\"https:\\\/\\\/plbrasil.com.br\\\/en\\\/?s={search_term_string}\"},\"query-input\":{\"@type\":\"PropertyValueSpecification\",\"valueRequired\":true,\"valueName\":\"search_term_string\"}}],\"inLanguage\":\"en-US\"},{\"@type\":\"Organization\",\"@id\":\"https:\\\/\\\/plbrasil.com.br\\\/en\\\/#organization\",\"name\":\"Grupo PLBrasil - Assessoria Empresarial\",\"url\":\"https:\\\/\\\/plbrasil.com.br\\\/en\\\/\",\"logo\":{\"@type\":\"ImageObject\",\"inLanguage\":\"en-US\",\"@id\":\"https:\\\/\\\/plbrasil.com.br\\\/en\\\/#\\\/schema\\\/logo\\\/image\\\/\",\"url\":\"https:\\\/\\\/plbrasil.com.br\\\/wp-content\\\/uploads\\\/2026\\\/07\\\/logo_plbrasil-2.webp\",\"contentUrl\":\"https:\\\/\\\/plbrasil.com.br\\\/wp-content\\\/uploads\\\/2026\\\/07\\\/logo_plbrasil-2.webp\",\"width\":1080,\"height\":1080,\"caption\":\"Grupo PLBrasil - Assessoria Empresarial\"},\"image\":{\"@id\":\"https:\\\/\\\/plbrasil.com.br\\\/en\\\/#\\\/schema\\\/logo\\\/image\\\/\"},\"sameAs\":[\"https:\\\/\\\/facebook.com\\\/grupoplbrasil\",\"https:\\\/\\\/instagram.com\\\/grupoplbrasil\",\"https:\\\/\\\/linkedin.com\\\/grupoplbrasil\"],\"description\":\"Simplifique a burocracia e acelere o crescimento do seu neg\u00f3cio com o Grupo PLBrasil. Com mais de 20 anos de mercado, oferecemos assessoria corporativa completa em Paralegal, BPO Cont\u00e1bil, SST e Tradu\u00e7\u00f5es, al\u00e9m de viabilizar a entrada e a Representa\u00e7\u00e3o Legal de multinacionais e corpora\u00e7\u00f5es estrangeiras no Brasil. Unimos intelig\u00eancia regulat\u00f3ria, compliance e alta governan\u00e7a para garantir a seguran\u00e7a que a sua opera\u00e7\u00e3o exige.\",\"email\":\"marketing@plbrasil.com.br\",\"telephone\":\"+55 (11) 3292-5050\",\"publishingPrinciples\":\"https:\\\/\\\/plbrasil.com.br\\\/politica-de-protecao-de-dados\\\/\",\"ethicsPolicy\":\"https:\\\/\\\/plbrasil.com.br\\\/codigo-de-etica\\\/\"},{\"@type\":\"Person\",\"@id\":\"https:\\\/\\\/plbrasil.com.br\\\/en\\\/#\\\/schema\\\/person\\\/8f7dfcadadb7dd78afecfbc6502c4f52\",\"name\":\"adminplbrasil\",\"image\":{\"@type\":\"ImageObject\",\"inLanguage\":\"en-US\",\"@id\":\"https:\\\/\\\/plbrasil.com.br\\\/wp-content\\\/litespeed\\\/avatar\\\/0c8dca16bfe3a6620c651268e93b7054.jpg?ver=1787922792\",\"url\":\"https:\\\/\\\/plbrasil.com.br\\\/wp-content\\\/litespeed\\\/avatar\\\/0c8dca16bfe3a6620c651268e93b7054.jpg?ver=1787922792\",\"contentUrl\":\"https:\\\/\\\/plbrasil.com.br\\\/wp-content\\\/litespeed\\\/avatar\\\/0c8dca16bfe3a6620c651268e93b7054.jpg?ver=1787922792\",\"caption\":\"adminplbrasil\"}}]}<\/script>\n<!-- \/ Yoast SEO Premium plugin. -->","yoast_head_json":{"title":"State Registrations and Suspension for Inactivity","description":"Find out how the suspension of state registrations affects ICMS taxpayers in S\u00e3o Paulo and the Tax Compliance Program.","robots":{"index":"index","follow":"follow","max-snippet":"max-snippet:-1","max-image-preview":"max-image-preview:large","max-video-preview":"max-video-preview:-1"},"canonical":"https:\/\/plbrasil.com.br\/en\/sefaz-ie\/","og_locale":"en_US","og_type":"article","og_title":"Suspension of State Registrations \u2013 S\u00e3o Paulo State Revenue Office (SEFAZ-SP)","og_description":"Find out how the suspension of state registrations affects ICMS taxpayers in S\u00e3o Paulo and the Tax Compliance Program.","og_url":"https:\/\/plbrasil.com.br\/en\/sefaz-ie\/","og_site_name":"Grupo PLBrasil - Assessoria Empresarial","article_publisher":"https:\/\/facebook.com\/grupoplbrasil","article_published_time":"2023-06-07T20:22:39+00:00","article_modified_time":"2026-09-03T19:06:32+00:00","og_image":[{"width":1041,"height":641,"url":"https:\/\/plbrasil.com.br\/wp-content\/uploads\/2023\/06\/sefaz-sp_Link-1.webp","type":"image\/webp"}],"author":"adminplbrasil","twitter_card":"summary_large_image","twitter_misc":{"Written by":"adminplbrasil","Est. reading time":"1 minute"},"schema":{"@context":"https:\/\/schema.org","@graph":[{"@type":"Article","@id":"https:\/\/plbrasil.com.br\/en\/sefaz-ie\/#article","isPartOf":{"@id":"https:\/\/plbrasil.com.br\/en\/sefaz-ie\/"},"author":{"name":"adminplbrasil","@id":"https:\/\/plbrasil.com.br\/en\/#\/schema\/person\/8f7dfcadadb7dd78afecfbc6502c4f52"},"headline":"Suspension of State Registrations \u2013 S\u00e3o Paulo State Revenue Office (SEFAZ-SP)","datePublished":"2023-06-07T20:22:39+00:00","dateModified":"2026-09-03T19:06:32+00:00","mainEntityOfPage":{"@id":"https:\/\/plbrasil.com.br\/en\/sefaz-ie\/"},"wordCount":171,"publisher":{"@id":"https:\/\/plbrasil.com.br\/en\/#organization"},"image":{"@id":"https:\/\/plbrasil.com.br\/en\/sefaz-ie\/#primaryimage"},"thumbnailUrl":"https:\/\/plbrasil.com.br\/wp-content\/uploads\/2023\/06\/sefaz-sp_Link-1.webp","keywords":["Paralegal","SEFAZ","SEFAZ-SP","State Registration"],"articleSection":["Corporate Services"],"inLanguage":"en-US"},{"@type":"WebPage","@id":"https:\/\/plbrasil.com.br\/en\/sefaz-ie\/","url":"https:\/\/plbrasil.com.br\/en\/sefaz-ie\/","name":"State Registrations and Suspension for Inactivity","isPartOf":{"@id":"https:\/\/plbrasil.com.br\/en\/#website"},"primaryImageOfPage":{"@id":"https:\/\/plbrasil.com.br\/en\/sefaz-ie\/#primaryimage"},"image":{"@id":"https:\/\/plbrasil.com.br\/en\/sefaz-ie\/#primaryimage"},"thumbnailUrl":"https:\/\/plbrasil.com.br\/wp-content\/uploads\/2023\/06\/sefaz-sp_Link-1.webp","datePublished":"2023-06-07T20:22:39+00:00","dateModified":"2026-09-03T19:06:32+00:00","description":"Find out how the suspension of state registrations affects ICMS taxpayers in S\u00e3o Paulo and the Tax Compliance Program.","breadcrumb":{"@id":"https:\/\/plbrasil.com.br\/en\/sefaz-ie\/#breadcrumb"},"inLanguage":"en-US","potentialAction":[{"@type":"ReadAction","target":["https:\/\/plbrasil.com.br\/en\/sefaz-ie\/"]}]},{"@type":"ImageObject","inLanguage":"en-US","@id":"https:\/\/plbrasil.com.br\/en\/sefaz-ie\/#primaryimage","url":"https:\/\/plbrasil.com.br\/wp-content\/uploads\/2023\/06\/sefaz-sp_Link-1.webp","contentUrl":"https:\/\/plbrasil.com.br\/wp-content\/uploads\/2023\/06\/sefaz-sp_Link-1.webp","width":1041,"height":641,"caption":"Suspens\u00e3o das Inscri\u00e7\u00f5es Estaduais \u2013 Secretaria da Fazenda do Estado de S\u00e3o Paulo (SEFAZ-SP)"},{"@type":"BreadcrumbList","@id":"https:\/\/plbrasil.com.br\/en\/sefaz-ie\/#breadcrumb","itemListElement":[{"@type":"ListItem","position":1,"name":"In\u00edcio","item":"https:\/\/plbrasil.com.br\/en\/"},{"@type":"ListItem","position":2,"name":"Corporate Services","item":"https:\/\/plbrasil.com.br\/en\/category\/corporate-services\/"},{"@type":"ListItem","position":3,"name":"Suspension of State Registrations \u2013 S\u00e3o Paulo State Revenue Office (SEFAZ-SP)"}]},{"@type":"WebSite","@id":"https:\/\/plbrasil.com.br\/en\/#website","url":"https:\/\/plbrasil.com.br\/en\/","name":"Grupo PLBrasil - Assessoria Empresarial","description":"Assessoria empresarial nas \u00e1reas Paralegal, Representa\u00e7\u00e3o Legal, Contabilidade e Sa\u00fade e Seguran\u00e7a do Trabalho em um s\u00f3 parceiro. Mais de 20 anos simplificando a burocracia de empresas nacionais e multinacionais. Pe\u00e7a sua proposta comercial.","publisher":{"@id":"https:\/\/plbrasil.com.br\/en\/#organization"},"potentialAction":[{"@type":"SearchAction","target":{"@type":"EntryPoint","urlTemplate":"https:\/\/plbrasil.com.br\/en\/?s={search_term_string}"},"query-input":{"@type":"PropertyValueSpecification","valueRequired":true,"valueName":"search_term_string"}}],"inLanguage":"en-US"},{"@type":"Organization","@id":"https:\/\/plbrasil.com.br\/en\/#organization","name":"Grupo PLBrasil - Assessoria Empresarial","url":"https:\/\/plbrasil.com.br\/en\/","logo":{"@type":"ImageObject","inLanguage":"en-US","@id":"https:\/\/plbrasil.com.br\/en\/#\/schema\/logo\/image\/","url":"https:\/\/plbrasil.com.br\/wp-content\/uploads\/2026\/07\/logo_plbrasil-2.webp","contentUrl":"https:\/\/plbrasil.com.br\/wp-content\/uploads\/2026\/07\/logo_plbrasil-2.webp","width":1080,"height":1080,"caption":"Grupo PLBrasil - Assessoria Empresarial"},"image":{"@id":"https:\/\/plbrasil.com.br\/en\/#\/schema\/logo\/image\/"},"sameAs":["https:\/\/facebook.com\/grupoplbrasil","https:\/\/instagram.com\/grupoplbrasil","https:\/\/linkedin.com\/grupoplbrasil"],"description":"Simplifique a burocracia e acelere o crescimento do seu neg\u00f3cio com o Grupo PLBrasil. Com mais de 20 anos de mercado, oferecemos assessoria corporativa completa em Paralegal, BPO Cont\u00e1bil, SST e Tradu\u00e7\u00f5es, al\u00e9m de viabilizar a entrada e a Representa\u00e7\u00e3o Legal de multinacionais e corpora\u00e7\u00f5es estrangeiras no Brasil. Unimos intelig\u00eancia regulat\u00f3ria, compliance e alta governan\u00e7a para garantir a seguran\u00e7a que a sua opera\u00e7\u00e3o exige.","email":"marketing@plbrasil.com.br","telephone":"+55 (11) 3292-5050","publishingPrinciples":"https:\/\/plbrasil.com.br\/politica-de-protecao-de-dados\/","ethicsPolicy":"https:\/\/plbrasil.com.br\/codigo-de-etica\/"},{"@type":"Person","@id":"https:\/\/plbrasil.com.br\/en\/#\/schema\/person\/8f7dfcadadb7dd78afecfbc6502c4f52","name":"adminplbrasil","image":{"@type":"ImageObject","inLanguage":"en-US","@id":"https:\/\/plbrasil.com.br\/wp-content\/litespeed\/avatar\/0c8dca16bfe3a6620c651268e93b7054.jpg?ver=1787922792","url":"https:\/\/plbrasil.com.br\/wp-content\/litespeed\/avatar\/0c8dca16bfe3a6620c651268e93b7054.jpg?ver=1787922792","contentUrl":"https:\/\/plbrasil.com.br\/wp-content\/litespeed\/avatar\/0c8dca16bfe3a6620c651268e93b7054.jpg?ver=1787922792","caption":"adminplbrasil"}}]}},"_links":{"self":[{"href":"https:\/\/plbrasil.com.br\/en\/wp-json\/wp\/v2\/posts\/34590","targetHints":{"allow":["GET"]}}],"collection":[{"href":"https:\/\/plbrasil.com.br\/en\/wp-json\/wp\/v2\/posts"}],"about":[{"href":"https:\/\/plbrasil.com.br\/en\/wp-json\/wp\/v2\/types\/post"}],"author":[{"embeddable":true,"href":"https:\/\/plbrasil.com.br\/en\/wp-json\/wp\/v2\/users\/2"}],"replies":[{"embeddable":true,"href":"https:\/\/plbrasil.com.br\/en\/wp-json\/wp\/v2\/comments?post=34590"}],"version-history":[{"count":2,"href":"https:\/\/plbrasil.com.br\/en\/wp-json\/wp\/v2\/posts\/34590\/revisions"}],"predecessor-version":[{"id":52538,"href":"https:\/\/plbrasil.com.br\/en\/wp-json\/wp\/v2\/posts\/34590\/revisions\/52538"}],"wp:featuredmedia":[{"embeddable":true,"href":"https:\/\/plbrasil.com.br\/en\/wp-json\/wp\/v2\/media\/34586"}],"wp:attachment":[{"href":"https:\/\/plbrasil.com.br\/en\/wp-json\/wp\/v2\/media?parent=34590"}],"wp:term":[{"taxonomy":"category","embeddable":true,"href":"https:\/\/plbrasil.com.br\/en\/wp-json\/wp\/v2\/categories?post=34590"},{"taxonomy":"post_tag","embeddable":true,"href":"https:\/\/plbrasil.com.br\/en\/wp-json\/wp\/v2\/tags?post=34590"}],"curies":[{"name":"wp","href":"https:\/\/api.w.org\/{rel}","templated":true}]}}