{"id":27125,"date":"2021-09-30T15:33:42","date_gmt":"2021-09-30T18:33:42","guid":{"rendered":"https:\/\/www.plbrasil.com.br\/impacts-of-law-14-195-21-business-environment-law-on-corporate-law\/"},"modified":"2026-09-03T15:25:52","modified_gmt":"2026-09-03T18:25:52","slug":"impacts-of-law-14-195-21-business-environment-law-on-corporate-law","status":"publish","type":"post","link":"https:\/\/plbrasil.com.br\/en\/impacts-of-law-14-195-21-business-environment-law-on-corporate-law\/","title":{"rendered":"The Business Environment Law seeks to facilitate economic activity in Brazil"},"content":{"rendered":"<p><span style=\"background-color: rgba(255, 255, 255, 0);\">Law <a href=\"https:\/\/www.jusbrasil.com.br\/legislacao\/1282903539\/lei-14195-21\">14.195\/21<\/a>, which was nicknamed the Business Environment Law, with orignated in Provisional Measure 1040\/21. Its sanction by the Presidency of the Republic, took place on August 26, with 37 vetoes. among them the passage that dispensed with the issuance of an Annotation of Technical Responsibility (ART) or equivalent document for works. and exemption from IPI on vehicles purchased by a person with a disability and from offsetting the presumed credits of the Contribution to PIS\/Pasep and Cofins. <\/span><\/p>\n<p>&nbsp;<\/p>\n<p>Similar to the Economic Freedom Law, Law 13.874\/19, it is a legislative diploma that promotes changes in different sectors of the legal system.<\/p>\n<p>&nbsp;<\/p>\n<p>Among the changes that came into force, we mention those that facilitate the constitution and operation of legal entities and the development of activities:<\/p>\n<p style=\"padding-left: 120px;\">i) the unification of federal, state and municipal tax registrations in the National Register of Legal Entities (CNPJ);<\/p>\n<p style=\"padding-left: 120px;\">ii) the maintenance of the electronic system by the bodies involved in the process of registering and legalizing companies, so that the entrepreneur can previously consult the viability of the address where the company will be installed and the availability of the business name;<\/p>\n<p style=\"padding-left: 120px;\">iii) the use of the national risk classification of activities by states and municipalities that do not have their own classification; and<\/p>\n<p style=\"padding-left: 120px;\">iv) automatic granting, without human analysis, of operating permits and licenses to companies involved in medium-risk activities.<\/p>\n<p style=\"padding-left: 120px;\">In addition, it is important to mention the prohibition of charging, in the company\u2019s registration process, data or information that already appears in the federal government\u2019s databases; the expansion of the powers of the general meetings of publicly-held companies, in which minority shareholders may decide on the sale of company assets in excess of 50% (fifty percent) of total assets; the extension of the deadlines for calling general shareholders\u2019 meetings, from 15(fifteen) for thirty (30) days; the prohibition, in publicly-held companies, of the accumulation of functions between the company\u2019s main director and the chairman of the board of directors; the possibility of electing non-resident natural persons as Managers of Corporations (Company or Sociedade An\u00f4nima (S\/A), as long as they are appointed in Brazil as an Attorney with powers of summons.<\/p>\n<p>&nbsp;<\/p>\n<p>In line with some of these important changes, we mention art. 41 of Law No. 14,195 which establishes that \u201cindividual limited liability companies existing on the date of entry into force of this Law will be transformed into single-person limited liability companies regardless of any change in their articles of incorporation\u201d.<\/p>\n<p>&nbsp;<\/p>\n<p>Created in 2011, Individual Limited Liability Company (EIRELI) was a microenterprise model that contemplated entrepreneurs not included in the Individual Microentrepreneur (MEI) model, due to the type of activity or limitations on annual revenue.<\/p>\n<p>&nbsp;<\/p>\n<p>To facilitate entrepreneurship in Brazil, the Sociedade Limitada Unipessoal (SLU) was established by the Economic Freedom Law (13.874\/2019) and provided another option for the entrepreneur who wanted to establish a business with individual performance.<\/p>\n<p>&nbsp;<\/p>\n<p>To some extent, the figure of EIRELI, was already with its relevance reduced due to the simplified discipline of the SLUs, which had characteristics very similar to those of the EIRELI, but did not establish the mandatory minimum share capital of 100 minimum wages in force.<\/p>\n<p>&nbsp;<\/p>\n<p>The tacit transformation of EIRELI to SLU will be carried out automatically, and in principle, it does not require any kind of attitude by the entrepreneur, but on the other hand, it makes it possible to reduce the capital of the transformed company, due to the absence of mandatory minimum share capital.<\/p>\n<p>&nbsp;<\/p>\n<p>On September 9, 2021, the Ministry of Economy (ME) published the Official Letter SEI No. 3510\/2021\/ME, containing guidelines on filing, which must be followed by all Boards of Trade in the country:<\/p>\n<p style=\"padding-left: 120px;\">1. Inclusion in the registration form of the individual limited liability company of the information \u201cautomatically transformed to a limited liability company, pursuant to article 41 of Law 14,195, of August 26, 2021\u201d;<\/p>\n<p style=\"padding-left: 120px;\">2. Wide disclosure by the Boards of Trade regarding the extinction of EIRELI and about the possibility of creating a SLU, as well as the impossibility of filing documents for the incorporation of new EIRELIs;<\/p>\n<p style=\"padding-left: 120px;\">3. At\u00e9 o envio de novo of\u00edcio por parte do Departamento Nacional de Registro Empresarial e Integra\u00e7\u00e3o (DREI), as Juntas Comerciais dever\u00e3o realizar normalmente o arquivamento de altera\u00e7\u00f5es e extin\u00e7\u00f5es de EIRELI.<\/p>\n<div><\/div>\n","protected":false},"excerpt":{"rendered":"<p>Law 14.195\/21, which was nicknamed the Business Environment Law, with orignated in Provisional Measure 1040\/21. Its sanction by the Presidency of the Republic, took place on August 26, with 37 vetoes. among them the passage that dispensed with the issuance of an Annotation of Technical Responsibility (ART) or equivalent document for works. and exemption from IPI on vehicles purchased by a person with a disability and from offsetting the presumed credits of the Contribution to PIS\/Pasep and Cofins. &nbsp; Similar to the Economic Freedom Law, Law 13.874\/19, it is a legislative diploma that promotes changes in different sectors of the legal system. &nbsp; Among the changes that came into force, we mention those that facilitate the constitution and operation of legal entities and the development of activities: i) the unification of federal, state and municipal tax registrations in the National Register of Legal Entities (CNPJ); ii) the maintenance of the electronic system by the bodies involved in the process of registering and legalizing companies, so that the entrepreneur can previously consult the viability of the address where the company will be installed and the availability of the business name; iii) the use of the national risk classification of activities by states and municipalities that do not have their own classification; and iv) automatic granting, without human analysis, of operating permits and licenses to companies involved in medium-risk activities. In addition, it is important to mention the prohibition of charging, in the company\u2019s registration process, data or information that already appears in the federal government\u2019s databases; the expansion of the powers of the general meetings of publicly-held companies, in which minority shareholders may decide on the sale of company assets in excess of 50% (fifty percent) of total assets; the extension of the deadlines for calling general shareholders\u2019 meetings, from 15(fifteen) for thirty (30) days; the prohibition, in publicly-held companies, of the accumulation of functions between the company\u2019s main director and the chairman of the board of directors; the possibility of electing non-resident natural persons as Managers of Corporations (Company or Sociedade An\u00f4nima (S\/A), as long as they are appointed in Brazil as an Attorney with powers of summons. &nbsp; In line with some of these important changes, we mention art. 41 of Law No. 14,195 which establishes that \u201cindividual limited liability companies existing on the date of entry into force of this Law will be transformed into single-person limited liability companies regardless of any change in their articles of incorporation\u201d. &nbsp; Created in 2011, Individual Limited Liability Company (EIRELI) was a microenterprise model that contemplated entrepreneurs not included in the Individual Microentrepreneur (MEI) model, due to the type of activity or limitations on annual revenue. &nbsp; To facilitate entrepreneurship in Brazil, the Sociedade Limitada Unipessoal (SLU) was established by the Economic Freedom Law (13.874\/2019) and provided another option for the entrepreneur who wanted to establish a business with individual performance. &nbsp; To some extent, the figure of EIRELI, was already with its relevance reduced due to the simplified discipline of the SLUs, which had characteristics very similar to those of the EIRELI, but did not establish the mandatory minimum share capital of 100 minimum wages in force. &nbsp; The tacit transformation of EIRELI to SLU will be carried out automatically, and in principle, it does not require any kind of attitude by the entrepreneur, but on the other hand, it makes it possible to reduce the capital of the transformed company, due to the absence of mandatory minimum share capital. &nbsp; On September 9, 2021, the Ministry of Economy (ME) published the Official Letter SEI No. 3510\/2021\/ME, containing guidelines on filing, which must be followed by all Boards of Trade in the country: 1. Inclusion in the registration form of the individual limited liability company of the information \u201cautomatically transformed to a limited liability company, pursuant to article 41 of Law 14,195, of August 26, 2021\u201d; 2. Wide disclosure by the Boards of Trade regarding the extinction of EIRELI and about the possibility of creating a SLU, as well as the impossibility of filing documents for the incorporation of new EIRELIs; 3. At\u00e9 o envio de novo of\u00edcio por parte do Departamento Nacional de Registro Empresarial e Integra\u00e7\u00e3o (DREI), as Juntas Comerciais dever\u00e3o realizar normalmente o arquivamento de altera\u00e7\u00f5es e extin\u00e7\u00f5es de EIRELI.<\/p>\n","protected":false},"author":2,"featured_media":0,"comment_status":"closed","ping_status":"closed","sticky":false,"template":"","format":"standard","meta":{"footnotes":""},"categories":[1409],"tags":[1502,933,1396],"class_list":["post-27125","post","type-post","status-publish","format-standard","hentry","category-corporate-services-2","tag-business-environment-act","tag-junta-comercial","tag-lei-14-195-21"],"yoast_head":"<!-- This site is optimized with the Yoast SEO Premium plugin v28.4 (Yoast SEO v28.4) - https:\/\/yoast.com\/product\/yoast-seo-premium-wordpress\/ -->\n<title>Business Environment Law: What You Need to Know<\/title>\n<meta name=\"description\" content=\"Discover the key changes introduced by the Business Environment Act and how they affect companies in Brazil.\" \/>\n<meta name=\"robots\" content=\"index, follow, max-snippet:-1, max-image-preview:large, max-video-preview:-1\" \/>\n<link rel=\"canonical\" href=\"https:\/\/plbrasil.com.br\/en\/impacts-of-law-14-195-21-business-environment-law-on-corporate-law\/\" \/>\n<meta property=\"og:locale\" content=\"en_US\" \/>\n<meta property=\"og:type\" content=\"article\" \/>\n<meta property=\"og:title\" content=\"The Business Environment Law seeks to facilitate economic activity in Brazil\" \/>\n<meta property=\"og:description\" content=\"Discover the key changes introduced by the Business Environment Act and how they affect companies in Brazil.\" \/>\n<meta property=\"og:url\" content=\"https:\/\/plbrasil.com.br\/en\/impacts-of-law-14-195-21-business-environment-law-on-corporate-law\/\" \/>\n<meta property=\"og:site_name\" content=\"Grupo PLBrasil - Assessoria Empresarial\" \/>\n<meta property=\"article:publisher\" content=\"https:\/\/facebook.com\/grupoplbrasil\" \/>\n<meta property=\"article:published_time\" content=\"2021-09-30T18:33:42+00:00\" \/>\n<meta property=\"article:modified_time\" content=\"2026-09-03T18:25:52+00:00\" \/>\n<meta property=\"og:image\" content=\"https:\/\/www.plbrasil.com.br\/wp-content\/uploads\/2021\/09\/thumb_wp.png\" \/>\n<meta name=\"author\" content=\"adminplbrasil\" \/>\n<meta name=\"twitter:card\" content=\"summary_large_image\" \/>\n<meta name=\"twitter:label1\" content=\"Written by\" \/>\n\t<meta name=\"twitter:data1\" content=\"adminplbrasil\" \/>\n\t<meta name=\"twitter:label2\" content=\"Est. reading time\" \/>\n\t<meta name=\"twitter:data2\" content=\"4 minutes\" \/>\n<script type=\"application\/ld+json\" class=\"yoast-schema-graph\">{\"@context\":\"https:\\\/\\\/schema.org\",\"@graph\":[{\"@type\":\"Article\",\"@id\":\"https:\\\/\\\/plbrasil.com.br\\\/en\\\/impacts-of-law-14-195-21-business-environment-law-on-corporate-law\\\/#article\",\"isPartOf\":{\"@id\":\"https:\\\/\\\/plbrasil.com.br\\\/en\\\/impacts-of-law-14-195-21-business-environment-law-on-corporate-law\\\/\"},\"author\":{\"name\":\"adminplbrasil\",\"@id\":\"https:\\\/\\\/plbrasil.com.br\\\/en\\\/#\\\/schema\\\/person\\\/8f7dfcadadb7dd78afecfbc6502c4f52\"},\"headline\":\"The Business Environment Law seeks to facilitate economic activity in Brazil\",\"datePublished\":\"2021-09-30T18:33:42+00:00\",\"dateModified\":\"2026-09-03T18:25:52+00:00\",\"mainEntityOfPage\":{\"@id\":\"https:\\\/\\\/plbrasil.com.br\\\/en\\\/impacts-of-law-14-195-21-business-environment-law-on-corporate-law\\\/\"},\"wordCount\":714,\"publisher\":{\"@id\":\"https:\\\/\\\/plbrasil.com.br\\\/en\\\/#organization\"},\"keywords\":[\"Business Environment Act\",\"Junta Comercial\",\"Lei 14.195\\\/21\"],\"articleSection\":[\"Corporate Services\"],\"inLanguage\":\"en-US\"},{\"@type\":\"WebPage\",\"@id\":\"https:\\\/\\\/plbrasil.com.br\\\/en\\\/impacts-of-law-14-195-21-business-environment-law-on-corporate-law\\\/\",\"url\":\"https:\\\/\\\/plbrasil.com.br\\\/en\\\/impacts-of-law-14-195-21-business-environment-law-on-corporate-law\\\/\",\"name\":\"Business Environment Law: What You Need to Know\",\"isPartOf\":{\"@id\":\"https:\\\/\\\/plbrasil.com.br\\\/en\\\/#website\"},\"datePublished\":\"2021-09-30T18:33:42+00:00\",\"dateModified\":\"2026-09-03T18:25:52+00:00\",\"description\":\"Discover the key changes introduced by the Business Environment Act and how they affect companies in Brazil.\",\"breadcrumb\":{\"@id\":\"https:\\\/\\\/plbrasil.com.br\\\/en\\\/impacts-of-law-14-195-21-business-environment-law-on-corporate-law\\\/#breadcrumb\"},\"inLanguage\":\"en-US\",\"potentialAction\":[{\"@type\":\"ReadAction\",\"target\":[\"https:\\\/\\\/plbrasil.com.br\\\/en\\\/impacts-of-law-14-195-21-business-environment-law-on-corporate-law\\\/\"]}]},{\"@type\":\"BreadcrumbList\",\"@id\":\"https:\\\/\\\/plbrasil.com.br\\\/en\\\/impacts-of-law-14-195-21-business-environment-law-on-corporate-law\\\/#breadcrumb\",\"itemListElement\":[{\"@type\":\"ListItem\",\"position\":1,\"name\":\"In\u00edcio\",\"item\":\"https:\\\/\\\/plbrasil.com.br\\\/en\\\/\"},{\"@type\":\"ListItem\",\"position\":2,\"name\":\"Corporate Services\",\"item\":\"https:\\\/\\\/plbrasil.com.br\\\/en\\\/category\\\/corporate-services\\\/\"},{\"@type\":\"ListItem\",\"position\":3,\"name\":\"The Business Environment Law seeks to facilitate economic activity in Brazil\"}]},{\"@type\":\"WebSite\",\"@id\":\"https:\\\/\\\/plbrasil.com.br\\\/en\\\/#website\",\"url\":\"https:\\\/\\\/plbrasil.com.br\\\/en\\\/\",\"name\":\"Grupo PLBrasil - Assessoria Empresarial\",\"description\":\"Assessoria empresarial nas \u00e1reas Paralegal, Representa\u00e7\u00e3o Legal, Contabilidade e Sa\u00fade e Seguran\u00e7a do Trabalho em um s\u00f3 parceiro. Mais de 20 anos simplificando a burocracia de empresas nacionais e multinacionais. Pe\u00e7a sua proposta comercial.\",\"publisher\":{\"@id\":\"https:\\\/\\\/plbrasil.com.br\\\/en\\\/#organization\"},\"potentialAction\":[{\"@type\":\"SearchAction\",\"target\":{\"@type\":\"EntryPoint\",\"urlTemplate\":\"https:\\\/\\\/plbrasil.com.br\\\/en\\\/?s={search_term_string}\"},\"query-input\":{\"@type\":\"PropertyValueSpecification\",\"valueRequired\":true,\"valueName\":\"search_term_string\"}}],\"inLanguage\":\"en-US\"},{\"@type\":\"Organization\",\"@id\":\"https:\\\/\\\/plbrasil.com.br\\\/en\\\/#organization\",\"name\":\"Grupo PLBrasil - Assessoria Empresarial\",\"url\":\"https:\\\/\\\/plbrasil.com.br\\\/en\\\/\",\"logo\":{\"@type\":\"ImageObject\",\"inLanguage\":\"en-US\",\"@id\":\"https:\\\/\\\/plbrasil.com.br\\\/en\\\/#\\\/schema\\\/logo\\\/image\\\/\",\"url\":\"https:\\\/\\\/plbrasil.com.br\\\/wp-content\\\/uploads\\\/2026\\\/07\\\/logo_plbrasil-2.webp\",\"contentUrl\":\"https:\\\/\\\/plbrasil.com.br\\\/wp-content\\\/uploads\\\/2026\\\/07\\\/logo_plbrasil-2.webp\",\"width\":1080,\"height\":1080,\"caption\":\"Grupo PLBrasil - Assessoria Empresarial\"},\"image\":{\"@id\":\"https:\\\/\\\/plbrasil.com.br\\\/en\\\/#\\\/schema\\\/logo\\\/image\\\/\"},\"sameAs\":[\"https:\\\/\\\/facebook.com\\\/grupoplbrasil\",\"https:\\\/\\\/instagram.com\\\/grupoplbrasil\",\"https:\\\/\\\/linkedin.com\\\/grupoplbrasil\"],\"description\":\"Simplifique a burocracia e acelere o crescimento do seu neg\u00f3cio com o Grupo PLBrasil. Com mais de 20 anos de mercado, oferecemos assessoria corporativa completa em Paralegal, BPO Cont\u00e1bil, SST e Tradu\u00e7\u00f5es, al\u00e9m de viabilizar a entrada e a Representa\u00e7\u00e3o Legal de multinacionais e corpora\u00e7\u00f5es estrangeiras no Brasil. Unimos intelig\u00eancia regulat\u00f3ria, compliance e alta governan\u00e7a para garantir a seguran\u00e7a que a sua opera\u00e7\u00e3o exige.\",\"email\":\"marketing@plbrasil.com.br\",\"telephone\":\"+55 (11) 3292-5050\",\"publishingPrinciples\":\"https:\\\/\\\/plbrasil.com.br\\\/politica-de-protecao-de-dados\\\/\",\"ethicsPolicy\":\"https:\\\/\\\/plbrasil.com.br\\\/codigo-de-etica\\\/\"},{\"@type\":\"Person\",\"@id\":\"https:\\\/\\\/plbrasil.com.br\\\/en\\\/#\\\/schema\\\/person\\\/8f7dfcadadb7dd78afecfbc6502c4f52\",\"name\":\"adminplbrasil\",\"image\":{\"@type\":\"ImageObject\",\"inLanguage\":\"en-US\",\"@id\":\"https:\\\/\\\/plbrasil.com.br\\\/wp-content\\\/litespeed\\\/avatar\\\/0c8dca16bfe3a6620c651268e93b7054.jpg?ver=1787922792\",\"url\":\"https:\\\/\\\/plbrasil.com.br\\\/wp-content\\\/litespeed\\\/avatar\\\/0c8dca16bfe3a6620c651268e93b7054.jpg?ver=1787922792\",\"contentUrl\":\"https:\\\/\\\/plbrasil.com.br\\\/wp-content\\\/litespeed\\\/avatar\\\/0c8dca16bfe3a6620c651268e93b7054.jpg?ver=1787922792\",\"caption\":\"adminplbrasil\"}}]}<\/script>\n<!-- \/ Yoast SEO Premium plugin. -->","yoast_head_json":{"title":"Business Environment Law: What You Need to Know","description":"Discover the key changes introduced by the Business Environment Act and how they affect companies in Brazil.","robots":{"index":"index","follow":"follow","max-snippet":"max-snippet:-1","max-image-preview":"max-image-preview:large","max-video-preview":"max-video-preview:-1"},"canonical":"https:\/\/plbrasil.com.br\/en\/impacts-of-law-14-195-21-business-environment-law-on-corporate-law\/","og_locale":"en_US","og_type":"article","og_title":"The Business Environment Law seeks to facilitate economic activity in Brazil","og_description":"Discover the key changes introduced by the Business Environment Act and how they affect companies in Brazil.","og_url":"https:\/\/plbrasil.com.br\/en\/impacts-of-law-14-195-21-business-environment-law-on-corporate-law\/","og_site_name":"Grupo PLBrasil - Assessoria Empresarial","article_publisher":"https:\/\/facebook.com\/grupoplbrasil","article_published_time":"2021-09-30T18:33:42+00:00","article_modified_time":"2026-09-03T18:25:52+00:00","og_image":[{"url":"https:\/\/www.plbrasil.com.br\/wp-content\/uploads\/2021\/09\/thumb_wp.png","type":"","width":"","height":""}],"author":"adminplbrasil","twitter_card":"summary_large_image","twitter_misc":{"Written by":"adminplbrasil","Est. reading time":"4 minutes"},"schema":{"@context":"https:\/\/schema.org","@graph":[{"@type":"Article","@id":"https:\/\/plbrasil.com.br\/en\/impacts-of-law-14-195-21-business-environment-law-on-corporate-law\/#article","isPartOf":{"@id":"https:\/\/plbrasil.com.br\/en\/impacts-of-law-14-195-21-business-environment-law-on-corporate-law\/"},"author":{"name":"adminplbrasil","@id":"https:\/\/plbrasil.com.br\/en\/#\/schema\/person\/8f7dfcadadb7dd78afecfbc6502c4f52"},"headline":"The Business Environment Law seeks to facilitate economic activity in Brazil","datePublished":"2021-09-30T18:33:42+00:00","dateModified":"2026-09-03T18:25:52+00:00","mainEntityOfPage":{"@id":"https:\/\/plbrasil.com.br\/en\/impacts-of-law-14-195-21-business-environment-law-on-corporate-law\/"},"wordCount":714,"publisher":{"@id":"https:\/\/plbrasil.com.br\/en\/#organization"},"keywords":["Business Environment Act","Junta Comercial","Lei 14.195\/21"],"articleSection":["Corporate Services"],"inLanguage":"en-US"},{"@type":"WebPage","@id":"https:\/\/plbrasil.com.br\/en\/impacts-of-law-14-195-21-business-environment-law-on-corporate-law\/","url":"https:\/\/plbrasil.com.br\/en\/impacts-of-law-14-195-21-business-environment-law-on-corporate-law\/","name":"Business Environment Law: What You Need to Know","isPartOf":{"@id":"https:\/\/plbrasil.com.br\/en\/#website"},"datePublished":"2021-09-30T18:33:42+00:00","dateModified":"2026-09-03T18:25:52+00:00","description":"Discover the key changes introduced by the Business Environment Act and how they affect companies in Brazil.","breadcrumb":{"@id":"https:\/\/plbrasil.com.br\/en\/impacts-of-law-14-195-21-business-environment-law-on-corporate-law\/#breadcrumb"},"inLanguage":"en-US","potentialAction":[{"@type":"ReadAction","target":["https:\/\/plbrasil.com.br\/en\/impacts-of-law-14-195-21-business-environment-law-on-corporate-law\/"]}]},{"@type":"BreadcrumbList","@id":"https:\/\/plbrasil.com.br\/en\/impacts-of-law-14-195-21-business-environment-law-on-corporate-law\/#breadcrumb","itemListElement":[{"@type":"ListItem","position":1,"name":"In\u00edcio","item":"https:\/\/plbrasil.com.br\/en\/"},{"@type":"ListItem","position":2,"name":"Corporate Services","item":"https:\/\/plbrasil.com.br\/en\/category\/corporate-services\/"},{"@type":"ListItem","position":3,"name":"The Business Environment Law seeks to facilitate economic activity in Brazil"}]},{"@type":"WebSite","@id":"https:\/\/plbrasil.com.br\/en\/#website","url":"https:\/\/plbrasil.com.br\/en\/","name":"Grupo PLBrasil - Assessoria Empresarial","description":"Assessoria empresarial nas \u00e1reas Paralegal, Representa\u00e7\u00e3o Legal, Contabilidade e Sa\u00fade e Seguran\u00e7a do Trabalho em um s\u00f3 parceiro. Mais de 20 anos simplificando a burocracia de empresas nacionais e multinacionais. Pe\u00e7a sua proposta comercial.","publisher":{"@id":"https:\/\/plbrasil.com.br\/en\/#organization"},"potentialAction":[{"@type":"SearchAction","target":{"@type":"EntryPoint","urlTemplate":"https:\/\/plbrasil.com.br\/en\/?s={search_term_string}"},"query-input":{"@type":"PropertyValueSpecification","valueRequired":true,"valueName":"search_term_string"}}],"inLanguage":"en-US"},{"@type":"Organization","@id":"https:\/\/plbrasil.com.br\/en\/#organization","name":"Grupo PLBrasil - Assessoria Empresarial","url":"https:\/\/plbrasil.com.br\/en\/","logo":{"@type":"ImageObject","inLanguage":"en-US","@id":"https:\/\/plbrasil.com.br\/en\/#\/schema\/logo\/image\/","url":"https:\/\/plbrasil.com.br\/wp-content\/uploads\/2026\/07\/logo_plbrasil-2.webp","contentUrl":"https:\/\/plbrasil.com.br\/wp-content\/uploads\/2026\/07\/logo_plbrasil-2.webp","width":1080,"height":1080,"caption":"Grupo PLBrasil - Assessoria Empresarial"},"image":{"@id":"https:\/\/plbrasil.com.br\/en\/#\/schema\/logo\/image\/"},"sameAs":["https:\/\/facebook.com\/grupoplbrasil","https:\/\/instagram.com\/grupoplbrasil","https:\/\/linkedin.com\/grupoplbrasil"],"description":"Simplifique a burocracia e acelere o crescimento do seu neg\u00f3cio com o Grupo PLBrasil. Com mais de 20 anos de mercado, oferecemos assessoria corporativa completa em Paralegal, BPO Cont\u00e1bil, SST e Tradu\u00e7\u00f5es, al\u00e9m de viabilizar a entrada e a Representa\u00e7\u00e3o Legal de multinacionais e corpora\u00e7\u00f5es estrangeiras no Brasil. Unimos intelig\u00eancia regulat\u00f3ria, compliance e alta governan\u00e7a para garantir a seguran\u00e7a que a sua opera\u00e7\u00e3o exige.","email":"marketing@plbrasil.com.br","telephone":"+55 (11) 3292-5050","publishingPrinciples":"https:\/\/plbrasil.com.br\/politica-de-protecao-de-dados\/","ethicsPolicy":"https:\/\/plbrasil.com.br\/codigo-de-etica\/"},{"@type":"Person","@id":"https:\/\/plbrasil.com.br\/en\/#\/schema\/person\/8f7dfcadadb7dd78afecfbc6502c4f52","name":"adminplbrasil","image":{"@type":"ImageObject","inLanguage":"en-US","@id":"https:\/\/plbrasil.com.br\/wp-content\/litespeed\/avatar\/0c8dca16bfe3a6620c651268e93b7054.jpg?ver=1787922792","url":"https:\/\/plbrasil.com.br\/wp-content\/litespeed\/avatar\/0c8dca16bfe3a6620c651268e93b7054.jpg?ver=1787922792","contentUrl":"https:\/\/plbrasil.com.br\/wp-content\/litespeed\/avatar\/0c8dca16bfe3a6620c651268e93b7054.jpg?ver=1787922792","caption":"adminplbrasil"}}]}},"_links":{"self":[{"href":"https:\/\/plbrasil.com.br\/en\/wp-json\/wp\/v2\/posts\/27125","targetHints":{"allow":["GET"]}}],"collection":[{"href":"https:\/\/plbrasil.com.br\/en\/wp-json\/wp\/v2\/posts"}],"about":[{"href":"https:\/\/plbrasil.com.br\/en\/wp-json\/wp\/v2\/types\/post"}],"author":[{"embeddable":true,"href":"https:\/\/plbrasil.com.br\/en\/wp-json\/wp\/v2\/users\/2"}],"replies":[{"embeddable":true,"href":"https:\/\/plbrasil.com.br\/en\/wp-json\/wp\/v2\/comments?post=27125"}],"version-history":[{"count":2,"href":"https:\/\/plbrasil.com.br\/en\/wp-json\/wp\/v2\/posts\/27125\/revisions"}],"predecessor-version":[{"id":52517,"href":"https:\/\/plbrasil.com.br\/en\/wp-json\/wp\/v2\/posts\/27125\/revisions\/52517"}],"wp:attachment":[{"href":"https:\/\/plbrasil.com.br\/en\/wp-json\/wp\/v2\/media?parent=27125"}],"wp:term":[{"taxonomy":"category","embeddable":true,"href":"https:\/\/plbrasil.com.br\/en\/wp-json\/wp\/v2\/categories?post=27125"},{"taxonomy":"post_tag","embeddable":true,"href":"https:\/\/plbrasil.com.br\/en\/wp-json\/wp\/v2\/tags?post=27125"}],"curies":[{"name":"wp","href":"https:\/\/api.w.org\/{rel}","templated":true}]}}